{"id":145,"date":"2020-04-20T13:50:00","date_gmt":"2020-04-20T13:50:00","guid":{"rendered":"http:\/\/www.remihub.at\/?p=145"},"modified":"2020-07-10T06:15:03","modified_gmt":"2020-07-10T06:15:03","slug":"remihub-workshop-am-9-mai-2019-im-hafen-wien","status":"publish","type":"post","link":"https:\/\/www.remihub.at\/?p=145","title":{"rendered":"RemiHub Workshop am 9. Mai 2019 im Hafen Wien"},"content":{"rendered":"\n<h3><strong>Mehr Platz f\u00fcr urbane Paketlogistik!<\/strong><br><strong>Der thinkport VIENNA und das RemiHub-Projektteam haben zum RemiHub-Projektworkshop eingeladen<\/strong><\/h3>\n\n\n\n<p>ExpertInnen der Logisitkbranche diskutierten mit uns, unter welchen Rahmenbedingungen \u00d6V-Betriebsfl\u00e4chen in Wien als Logistik-Hubs genutzt werden k\u00f6nnen. Aufbauend darauf wurden zudem Anforderungen und Erwartungen an Standort, Ausstattung und Betrieb seitens verschiedener StakeholderInnen er\u00f6rtert. Ziel des Workshops war eine nutzerInnenorientierte Konzeption der Hubs.<\/p>\n\n\n\n<h4><strong>Das Projekt RemiHub<\/strong><\/h4>\n\n\n\n<p>Die Wiener Linien verwalten gro\u00dfe, zentral gelegene Fl\u00e4chen zur Abwicklung des t\u00e4glichen \u00d6V-Betriebs. Einige davon k\u00f6nnten k\u00fcnftig als tempor\u00e4re, urbane Logistik-Hubs f\u00fcr die st\u00e4dtische Paketzustellung genutzt werden. Dies bedeutet eine neue Ausgangslage f\u00fcr die Paketlogistik im dicht bewohnten Stadtgebiet: Daraus ergeben sich neue Potentiale zur Verk\u00fcrzung der Last-Mile wodurch Rahmenbedingungen wie Lieferdauer, erh\u00f6hte Stoppdichte pro Fahrzeug oder die Nutzung \u00f6kologisch nachhaltiger Liefermethoden (Lastenr\u00e4der, e-Fahrzeuge, etc.) m\u00f6glich werden. Ziel ist es, damit die Voraussetzungen f\u00fcr eine umweltfreundliche, sozial vertr\u00e4gliche Paketlogistik zu schaffen. Das Forschungsprojekt RemiHub setzt sich mit der Konzeption von \u00d6V-Betriebsfl\u00e4chen als Logistik-Hubs auseinander. Welche Standorte eignen sich? Welche Anforderungen resultieren aus den Bed\u00fcrfnissen der involvierten PartnerInnen? Aufbauend auf diesen und weiteren Erkenntnissen werden technische und organisatorische Abl\u00e4ufe konzipiert und ein Betreibermodell entwickelt.<\/p>\n","protected":false},"excerpt":{"rendered":"<p>Mehr Platz f\u00fcr urbane Paketlogistik!Der thinkport VIENNA und das RemiHub-Projektteam haben zum RemiHub-Projektworkshop eingeladen ExpertInnen der Logisitkbranche diskutierten mit uns, unter welchen Rahmenbedingungen \u00d6V-Betriebsfl\u00e4chen in Wien als Logistik-Hubs genutzt werden k\u00f6nnen. Aufbauend darauf wurden zudem Anforderungen und Erwartungen an Standort, Ausstattung und Betrieb seitens verschiedener StakeholderInnen er\u00f6rtert. Ziel des Workshops war eine nutzerInnenorientierte Konzeption der<\/p>\n<a href=\"https:\/\/www.remihub.at\/?p=145\" class=\"btn frontech-btn\"><span><\/span>mehr<\/a>","protected":false},"author":2,"featured_media":0,"comment_status":"closed","ping_status":"closed","sticky":false,"template":"","format":"standard","meta":{"ngg_post_thumbnail":0},"categories":[3],"tags":[],"_links":{"self":[{"href":"https:\/\/www.remihub.at\/index.php?rest_route=\/wp\/v2\/posts\/145"}],"collection":[{"href":"https:\/\/www.remihub.at\/index.php?rest_route=\/wp\/v2\/posts"}],"about":[{"href":"https:\/\/www.remihub.at\/index.php?rest_route=\/wp\/v2\/types\/post"}],"author":[{"embeddable":true,"href":"https:\/\/www.remihub.at\/index.php?rest_route=\/wp\/v2\/users\/2"}],"replies":[{"embeddable":true,"href":"https:\/\/www.remihub.at\/index.php?rest_route=%2Fwp%2Fv2%2Fcomments&post=145"}],"version-history":[{"count":1,"href":"https:\/\/www.remihub.at\/index.php?rest_route=\/wp\/v2\/posts\/145\/revisions"}],"predecessor-version":[{"id":146,"href":"https:\/\/www.remihub.at\/index.php?rest_route=\/wp\/v2\/posts\/145\/revisions\/146"}],"wp:attachment":[{"href":"https:\/\/www.remihub.at\/index.php?rest_route=%2Fwp%2Fv2%2Fmedia&parent=145"}],"wp:term":[{"taxonomy":"category","embeddable":true,"href":"https:\/\/www.remihub.at\/index.php?rest_route=%2Fwp%2Fv2%2Fcategories&post=145"},{"taxonomy":"post_tag","embeddable":true,"href":"https:\/\/www.remihub.at\/index.php?rest_route=%2Fwp%2Fv2%2Ftags&post=145"}],"curies":[{"name":"wp","href":"https:\/\/api.w.org\/{rel}","templated":true}]}}